{"id":356,"date":"2026-09-01T14:51:48","date_gmt":"2026-09-01T12:51:48","guid":{"rendered":"https:\/\/secblog.today\/?p=356"},"modified":"2026-09-01T14:51:52","modified_gmt":"2026-09-01T12:51:52","slug":"mit-valtoztatnanak-a-vagyonvedelmi-cegek","status":"publish","type":"post","link":"https:\/\/secblog.today\/?p=356","title":{"rendered":"Mit v\u00e1ltoztatn\u00e1nak a vagyonv\u00e9delmi c\u00e9gek?"},"content":{"rendered":"\n<p class=\"wp-block-paragraph\">A Szem\u00e9ly- vagyonv\u00e9delmi \u00e9s Mag\u00e1nnyomoz\u00f3i Szakmai Kamara ( SZVSZMK )&nbsp;&nbsp;Fej\u00e9r megyei szervezete \u00e1ltal szervezett szem\u00e9lyes tal\u00e1lkoz\u00f3 a v\u00e1rtn\u00e1l is jobban siker\u00fclt, ha a felvet\u00e9sek intenzit\u00e1s\u00e1t \u00e9s soksz\u00edn\u0171s\u00e9g\u00e9t n\u00e9zz\u00fck.&nbsp;&nbsp;A rendezv\u00e9nyen elhangzottak feldolgoz\u00e1s m\u00e9g folyik, a k\u00e9sz\u00fclt vide\u00f3 sokadik megtekint\u00e9se ut\u00e1n sem d\u00f6nthet\u0151 el k\u00f6nnyen, hogyan is lehetne \u00f6sszefoglalni az esem\u00e9nyt.<\/p>\n\n\n\n<p class=\"wp-block-paragraph\">Volt c\u00e9gvezet\u0151, akinek a megb\u00edz\u00f3i \u00e9s alv\u00e1llalkoz\u00f3i anom\u00e1li\u00e1k jelentik a f\u0151 probl\u00e9m\u00e1t, nem alaptalanul. Hozz\u00e1sz\u00f3l\u00e1st k\u00e9rt vagyon\u0151r, aki \u00e9ppen egy takar\u00edt\u00f3 c\u00e9g szerz\u0151d\u00e9s\u00e9t szerette volna v\u00e9lem\u00e9nyeztetni, valahol ez is a vagyonv\u00e9delmi c\u00e9gek \u00e9s vagyon\u0151r\u00f6k viszony\u00e1t mutatja. Sz\u00ednes\u00edtette a F\u00fcggetlen Vagyonv\u00e9delmi Szakszervezet k\u00e9pvisel\u0151j\u00e9nek performansza, aki nemes egyszer\u0171s\u00e9ggel v\u00e1llalta mag\u00e1ra r\u00e9szesek\u00e9nt a \u201e vagyonv\u00e9delmi kamara megsz\u00fcntet\u00e9s\u00e9nek\u201d&nbsp;&nbsp;kem\u00e9ny \u00e1ll\u00edt\u00e1sokat megfogalmazva az SZVSZMK kor\u00e1bbi eln\u00f6ke, N\u00e9met Ferenc szem\u00e9ly\u00e9t illet\u0151en.&nbsp;&nbsp;\u2013 mivel az esem\u00e9ny sajt\u00f3nyilv\u00e1nos, a k\u00e9sz\u00fclt vide\u00f3felv\u00e9tel pedig k\u00f6zz\u00e9t\u00e9teli c\u00e9llal k\u00e9sz\u00fclt, v\u00e1rhat\u00f3 jogi elj\u00e1r\u00e1s az \u00fcgyben \u2013<\/p>\n\n\n\n<p class=\"wp-block-paragraph\">Ezt m\u00e1r csak sz\u00ednes\u00edtette a szakmai r\u00e9gi k\u00e9pvisel\u0151i \u00e1ltal felvetett oktat\u00e1si, jogi, jogszab\u00e1ly alkot\u00e1si k\u00e9rd\u00e9sek, melyek k\u00f6z\u00f6tt m\u00e9g a v\u00e9gtaghi\u00e1nyos vagyon\u0151rok k\u00e9pz\u00e9se \u00e9s vizsg\u00e1ztat\u00e1sa is sz\u00f3ba&nbsp;&nbsp;ker\u00fclt.<\/p>\n\n\n\n<p class=\"wp-block-paragraph\">Az esem\u00e9nyen r\u00e9szt vett Cseh Tam\u00e1s, Tolna megye orsz\u00e1ggy\u0171l\u00e9si k\u00e9pvisel\u0151je, a Honv\u00e9delmi \u00e9s rendv\u00e9delmi bizotts\u00e1g tagja, aki folyamatosan \u201ekapta\u201d a r\u00e9sztvev\u0151k \u201emegrendel\u00e9s\u00e9t\u201d a politikai v\u00e1ltoz\u00e1sokat illet\u0151en, fokozva a vagyonv\u00e9delem helyzet\u00e9nek meg\u00e9rt\u00e9s\u00e9t \u00f6vez\u0151 zavart.<\/p>\n\n\n\n<p class=\"wp-block-paragraph\">\u00d6sszess\u00e9g\u00e9ben kijelenthet\u0151, hogy az \u00e9l\u0151rer\u0151s vagyonv\u00e9delem sokak sz\u00e1m\u00e1ra fontos, mind a szakma, mind a politika \u00e9rdekl\u0151dik a t\u00e9ma ir\u00e1nt. A vagyonv\u00e9delmi c\u00e9gek bevon\u00e1sa az SZVSZMK szakmai munk\u00e1j\u00e1ba hasznos lehet a vagyon\u0151r\u00f6knek is, \u00edgy az eddig folytatott \u201eki mit v\u00e1ltoztatna a vagyonv\u00e9delemben\u201d elemz\u00e9s\u00fcnket innent\u0151l a vagyon\u0151r\u00f6k \u00e9s a vagyonv\u00e9delmi v\u00e1llalkoz\u00e1sok szempontj\u00e1b\u00f3l is szeretn\u00e9nk vizsg\u00e1lni.<\/p>\n\n\n\n<p class=\"wp-block-paragraph\">A sz\u00fcks\u00e9ges v\u00e1ltoztat\u00e1sok nem t\u00f6rt\u00e9nhetnek az \u00e9rdekeltek feje felett, internetes \u00fajs\u00e1gk\u00e9nt igyeksz\u00fcnk kivenni r\u00e9sz\u00fcnket a val\u00f3s ig\u00e9nyfelm\u00e9r\u00e9sben, \u00e9rdekek egyeztet\u00e9s\u00e9ben. Ha a t\u00e9ma m\u00e1r \u00e9lvezi a politika \u00e9rdekl\u0151d\u00e9s\u00e9t-figyelm\u00e9t, hasznos lenne eljutni olyan szakmai javaslat csomag elk\u00e9sz\u00edt\u00e9s\u00e9ig, amely \u201ek\u00edv\u00fcl\u00e1ll\u00f3 politikus\u201d sz\u00e1m\u00e1ra is egy\u00e9rtelm\u0171 \u00e9s szakmailag megalapozott.<\/p>\n\n\n\n<p class=\"wp-block-paragraph\">Ennek a c\u00e9lnak a megval\u00f3s\u00edt\u00e1s\u00e1hoz v\u00e1rjuk&nbsp;&nbsp;vagyonv\u00e9delmi c\u00e9gvezet\u0151 javaslatait olyan v\u00e1ltoztat\u00e1sokra, amelyek \u00e9rdemi t\u00e9mak\u00f6rk\u00e9nt kezelhet\u0151k egy k\u00e9s\u0151bbi szakmai f\u00f3rumon.<\/p>\n\n\n\n<p class=\"wp-block-paragraph\">Ami fontos, nem a probl\u00e9m\u00e1k list\u00e1j\u00e1t gy\u0171jtj\u00fck, szem\u00e9lyes rossz tapasztalatok \u00e9s s\u00e9relmek sem ideval\u00f3k. Az \u00e9l\u0151er\u0151s vagyonv\u00e9delem esetleges rendszerszint\u0171&nbsp;&nbsp;jav\u00edt\u00e1s\u00e1t, jobb\u00e1 t\u00e9tel\u00e9t szolg\u00e1l\u00f3 konkr\u00e9t \u00f6tleteket szeretn\u00e9nk hasznos\u00edtani. Ha ezzel t\u00e1rsul olyan sz\u00e1nd\u00e9k a v\u00e1laszad\u00f3 r\u00e9sz\u00e9r\u0151l, amely szem\u00e9lyes r\u00e9szv\u00e9telt is aj\u00e1nl az \u00f6tlet kidolgoz\u00e1s\u00e1hoz, \u00f6r\u00f6mmel vesz\u00fcnk r\u00e9szt egy szakmai csapat megszervez\u00e9s\u00e9ben.<\/p>\n\n\n\n<p class=\"wp-block-paragraph\">Cikk\u00fcnk \u00edr\u00e1s\u00e1val egyidej\u0171leg&nbsp;&nbsp;\u00e9rkezett a h\u00edr, hogy \u201eIdeiglenes Mag\u00e1nbiztons\u00e1gi Egyeztet\u0151 Tan\u00e1cs (IMET)\u201d n\u00e9ven 2026 j\u00falius 01.-\u00e9n tartott els\u0151 konferenci\u00e1j\u00e1t&nbsp;&nbsp;a Rend\u0151rs\u00e9gi Oktat\u00e1si \u00e9s Kik\u00e9pz\u0151 K\u00f6zpont Rend\u0151rk\u00e9pz\u0151 Akad\u00e9mi\u00e1j\u00e1nak Dr. Katona G\u00e9za Konferenciaterm\u00e9ben.<\/p>\n\n\n\n<p class=\"wp-block-paragraph\">A rendezv\u00e9nnyel kapcsolatban sajt\u00f3megkeres\u00e9st k\u00fcldt\u00fcnk a szervez\u0151, a&nbsp;&nbsp;Magyar Rend\u00e9szettudom\u00e1nyi T\u00e1rsas\u00e1g illetve&nbsp;&nbsp;annak Mag\u00e1nbiztons\u00e1gi Tagozata r\u00e9sz\u00e9re, a t\u0151l\u00fck kapott inform\u00e1ci\u00f3 alapj\u00e1n igyeksz\u00fcnk a r\u00e9sztvev\u0151k szakmai \u00f6tleteit, \u00e1ll\u00e1spontj\u00e1t megk\u00e9rdezni. Ennek a rendezv\u00e9nynek a jelent\u0151s\u00e9g\u00e9re tekintettel k\u00fcl\u00f6n cikkben szeretn\u00e9nk az ott elhangzott szakmai javaslatokkal, tov\u00e1bbi tervekkel foglalkozni.<\/p>\n\n\n\n<p class=\"wp-block-paragraph\">A vagyonv\u00e9delmi c\u00e9gvezet\u0151k r\u00e9sz\u00e9r\u0151l a javasaltokat oldalunk impresszum\u00e1ban tal\u00e1lhat\u00f3 el\u00e9rhet\u0151s\u00e9gekre v\u00e1rjuk.<\/p>\n","protected":false},"excerpt":{"rendered":"<p>A Szem\u00e9ly- vagyonv\u00e9delmi \u00e9s Mag\u00e1nnyomoz\u00f3i Szakmai Kamara ( SZVSZMK )&nbsp;&nbsp;Fej\u00e9r megyei szervezete \u00e1ltal szervezett szem\u00e9lyes tal\u00e1lkoz\u00f3 a v\u00e1rtn\u00e1l is jobban siker\u00fclt, ha a felvet\u00e9sek intenzit\u00e1s\u00e1t \u00e9s soksz\u00edn\u0171s\u00e9g\u00e9t n\u00e9zz\u00fck.&nbsp;&nbsp;A rendezv\u00e9nyen elhangzottak&#8230; <\/p>\n","protected":false},"author":1,"featured_media":357,"comment_status":"closed","ping_status":"0","sticky":false,"template":"","format":"standard","meta":{"footnotes":""},"categories":[9],"tags":[],"class_list":["post-356","post","type-post","status-publish","format-standard","has-post-thumbnail","hentry","category-vagyonvedelem"],"_links":{"self":[{"href":"https:\/\/secblog.today\/index.php?rest_route=\/wp\/v2\/posts\/356","targetHints":{"allow":["GET"]}}],"collection":[{"href":"https:\/\/secblog.today\/index.php?rest_route=\/wp\/v2\/posts"}],"about":[{"href":"https:\/\/secblog.today\/index.php?rest_route=\/wp\/v2\/types\/post"}],"author":[{"embeddable":true,"href":"https:\/\/secblog.today\/index.php?rest_route=\/wp\/v2\/users\/1"}],"replies":[{"embeddable":true,"href":"https:\/\/secblog.today\/index.php?rest_route=%2Fwp%2Fv2%2Fcomments&post=356"}],"version-history":[{"count":2,"href":"https:\/\/secblog.today\/index.php?rest_route=\/wp\/v2\/posts\/356\/revisions"}],"predecessor-version":[{"id":359,"href":"https:\/\/secblog.today\/index.php?rest_route=\/wp\/v2\/posts\/356\/revisions\/359"}],"wp:featuredmedia":[{"embeddable":true,"href":"https:\/\/secblog.today\/index.php?rest_route=\/wp\/v2\/media\/357"}],"wp:attachment":[{"href":"https:\/\/secblog.today\/index.php?rest_route=%2Fwp%2Fv2%2Fmedia&parent=356"}],"wp:term":[{"taxonomy":"category","embeddable":true,"href":"https:\/\/secblog.today\/index.php?rest_route=%2Fwp%2Fv2%2Fcategories&post=356"},{"taxonomy":"post_tag","embeddable":true,"href":"https:\/\/secblog.today\/index.php?rest_route=%2Fwp%2Fv2%2Ftags&post=356"}],"curies":[{"name":"wp","href":"https:\/\/api.w.org\/{rel}","templated":true}]}}