{"id":366,"date":"2026-09-06T06:46:09","date_gmt":"2026-09-06T04:46:09","guid":{"rendered":"https:\/\/secblog.today\/?p=366"},"modified":"2026-09-06T06:46:13","modified_gmt":"2026-09-06T04:46:13","slug":"eroszakos-biztonsagi-or-elleni-vademeles-ugyeszsegi-kozlemeny","status":"publish","type":"post","link":"https:\/\/secblog.today\/?p=366","title":{"rendered":"Er\u0151szakos biztons\u00e1gi \u0151r elleni v\u00e1demel\u00e9s &#8211; \u00fcgy\u00e9szs\u00e9gi k\u00f6zlem\u00e9ny"},"content":{"rendered":"\n<p class=\"wp-block-paragraph\"><em>A F\u0151v\u00e1rosi F\u0151\u00fcgy\u00e9szs\u00e9g&nbsp;<\/em><em>v\u00e1dat emelt \u00e9s b\u00f6rt\u00f6nb\u00fcntet\u00e9st ind\u00edtv\u00e1nyoz egy 51 \u00e9ves biztons\u00e1gi \u0151rrel szemben, aki &#8211; a v\u00e1d szerint &#8211; \u00e9letvesz\u00e9lyesen b\u00e1ntalmazott egy&nbsp;utast.&nbsp;<\/em><\/p>\n\n\n\n<p class=\"wp-block-paragraph\">A v\u00e1dirat l\u00e9nyege szerint a terhelt vagyon\u0151rk\u00e9nt dolgozott, melynek keret\u00e9ben 2024. janu\u00e1r 17-\u00e9n \u00e9jjel, az \u00f3budai aut\u00f3buszgar\u00e1zs egyik kapuj\u00e1n\u00e1l teljes\u00edtett szolg\u00e1latot egy munkat\u00e1rs\u00e1val egy\u00fctt.<\/p>\n\n\n\n<p class=\"wp-block-paragraph\">Az aut\u00f3buszgar\u00e1zs ter\u00fclet\u00e9re \u00e9rkezett egy \u00e9jszakai busz, amelyen a s\u00e9rtett f\u00e9rfi is utazott. A f\u00e9rfi egy k\u00f3rh\u00e1zba szeretett volna eljutni, azonban nem ismerte j\u00f3l az \u00fatvonalat, \u00edgy nem mert lesz\u00e1llni a j\u00e1rm\u0171r\u0151l a v\u00e9g\u00e1llom\u00e1son \u00e9s a buszgar\u00e1zsban. Emellett er\u0151sen ittas is volt. A buszvezet\u0151 seg\u00edts\u00e9get k\u00e9rt a v\u00e1dlott\u00f3l, aki m\u00e1r ekkor er\u0151szakosan l\u00e9pett fel a s\u00e9rtettel szemben. A kapucnij\u00e1n\u00e1l fogva megragadta, \u00edgy az \u00fcl\u00e9sb\u0151l kir\u00e1ngatta, majd a buszr\u00f3l lel\u00f6kd\u00f6ste, mik\u00f6zben a s\u00e9rtett t\u00e1sk\u00e1j\u00e1t mag\u00e1hoz vette. Ezut\u00e1n az aut\u00f3buszgar\u00e1zs ter\u00fclet\u00e9r\u0151l kik\u00eds\u00e9rte \u0151t, egy\u00fattal a f\u00f6ldre haj\u00edtotta a s\u00e9rtett h\u00e1tizs\u00e1kj\u00e1t. A bej\u00e1rat el\u0151tt a biztons\u00e1gi \u0151r t\u00e1voz\u00e1sra sz\u00f3l\u00edtotta fel a m\u00e1sik f\u00e9rfit, \u00fagy, hogy kez\u00e9t fenyeget\u0151en \u00fct\u00e9sre emelte, azut\u00e1n k\u00e9t k\u00e9zzel megl\u00f6kte a s\u00e9rtettet. A s\u00e9rtett nem akart elmenni, ennek hat\u00e1s\u00e1ra a biztons\u00e1gi \u0151r elhat\u00e1rozta, hogy fokozza a fenyeget\u00e9st. A v\u00e1dlott az \u0151rb\u00f3d\u00e9b\u00f3l mag\u00e1hoz vette a munkav\u00e9gz\u00e9shez sz\u00e1m\u00e1ra biztos\u00edtott gumibotot. Ezzel visszament a s\u00e9rtetthez majd ism\u00e9t eltolta a fej\u00e9n\u00e9l.<\/p>\n\n\n\n<p class=\"wp-block-paragraph\">A s\u00e9rtett tov\u00e1bbra is ott maradt, majd k\u00f6vette a v\u00e1dlottat vissza az \u0151rb\u00f3d\u00e9hoz. Itt is veszekedtek, az \u0151r pedig k\u00f6nnyg\u00e1zspray-vel \u00e9s a gumibottal is b\u00e1ntalmazta \u00e1ldozat\u00e1t, ezut\u00e1n a f\u00f6ldre r\u00e1ntotta. A v\u00e1dlott \u0151rt\u00e1rsa is kil\u00e9pett a b\u00f3d\u00e9b\u00f3l \u00e9s b\u00e1ntalmazta a s\u00e9rtettet, valamint, mivel volt egy csukott \u00e1llapot\u00fa tap\u00e9tav\u00e1g\u00f3 a s\u00e9rtett kez\u00e9ben, azt elvette&nbsp;t\u0151le.<\/p>\n\n\n\n<p class=\"wp-block-paragraph\">A v\u00e1dlott elment \u00e9s sz\u00f3lt a f\u0151n\u00f6k\u00e9nek. A b\u00e1ntalmazott a helysz\u00ednen v\u00e1rakozott, mialatt a biztons\u00e1gi szolg\u00e1lat vezet\u0151je \u00e9rtes\u00edtette a ment\u0151ket, illetve a s\u00e9rtett k\u00e9r\u00e9s\u00e9re a rend\u0151rs\u00e9get.<\/p>\n\n\n\n<p class=\"wp-block-paragraph\">A v\u00e1dlott a s\u00e9rtettnek \u00e9letvesz\u00e9lyes koponyas\u00e9r\u00fcl\u00e9seket okozott, a hal\u00e1los eredm\u00e9ny elmarad\u00e1sa az id\u0151ben \u00e9s szakszer\u0171en elv\u00e9gzett orvosi ell\u00e1t\u00e1snak k\u00f6sz\u00f6nhet\u0151.<\/p>\n\n\n\n<figure class=\"wp-block-image\"><img decoding=\"async\" src=\"https:\/\/ugyeszseg.hu\/wp-content\/uploads\/v1xpafghz\/2020\/06\/Group-1064.svg\" alt=\"\" title=\"Group 1064\"\/><\/figure>\n\n\n\n<p class=\"wp-block-paragraph\">A F\u0151v\u00e1rosi F\u0151\u00fcgy\u00e9szs\u00e9g a biztons\u00e1gi \u0151rt \u00e9letvesz\u00e9lyt okoz\u00f3 testi s\u00e9rt\u00e9s b\u0171ntett\u00e9vel v\u00e1dolta meg v\u00e1dirat\u00e1ban. Az \u00fcgy\u00e9sz\u00e9g arra tett ind\u00edtv\u00e1nyt, hogy a F\u0151v\u00e1rosi T\u00f6rv\u00e9nysz\u00e9k \u00edt\u00e9lje a v\u00e1dlottat v\u00e9grehajtand\u00f3 b\u00f6rt\u00f6nb\u00fcntet\u00e9sre, \u00e9s tiltsa el a foglalkoz\u00e1s\u00e1t\u00f3l.<\/p>\n\n\n\n<p class=\"wp-block-paragraph\">A v\u00e1dlott t\u00e1rs\u00e1nak felel\u0151ss\u00e9g\u00e9t a rend\u0151rs\u00e9g k\u00fcl\u00f6n elj\u00e1r\u00e1sban vizsg\u00e1lja.<\/p>\n\n\n\n<p class=\"wp-block-paragraph\">Az \u00fcgyh\u00f6z kapcsol\u00f3d\u00f3 felv\u00e9telen az l\u00e1that\u00f3, hogy a v\u00e1dlott k\u00eds\u00e9ri a s\u00e9rtettet, eldobja t\u00e1sk\u00e1j\u00e1t, illetve visszat\u00e9r a gumibottal a kez\u00e9ben.<\/p>\n\n\n\n<p class=\"wp-block-paragraph\">A vide\u00f3 itt tekinthet\u0151&nbsp;meg:<\/p>\n\n\n\n<figure class=\"wp-block-video\"><video controls src=\"https:\/\/ugyeszseg.hu\/wp-content\/uploads\/2026\/09\/2026_36.-fovfou_v2.mp4\"><\/video><\/figure>\n","protected":false},"excerpt":{"rendered":"<p>A F\u0151v\u00e1rosi F\u0151\u00fcgy\u00e9szs\u00e9g&nbsp;v\u00e1dat emelt \u00e9s b\u00f6rt\u00f6nb\u00fcntet\u00e9st ind\u00edtv\u00e1nyoz egy 51 \u00e9ves biztons\u00e1gi \u0151rrel szemben, aki &#8211; a v\u00e1d szerint &#8211; \u00e9letvesz\u00e9lyesen b\u00e1ntalmazott egy&nbsp;utast.&nbsp; A v\u00e1dirat l\u00e9nyege szerint a terhelt vagyon\u0151rk\u00e9nt dolgozott,&#8230; <\/p>\n","protected":false},"author":1,"featured_media":368,"comment_status":"closed","ping_status":"0","sticky":false,"template":"","format":"standard","meta":{"footnotes":""},"categories":[5],"tags":[],"class_list":["post-366","post","type-post","status-publish","format-standard","has-post-thumbnail","hentry","category-hatosagoktol"],"_links":{"self":[{"href":"https:\/\/secblog.today\/index.php?rest_route=\/wp\/v2\/posts\/366","targetHints":{"allow":["GET"]}}],"collection":[{"href":"https:\/\/secblog.today\/index.php?rest_route=\/wp\/v2\/posts"}],"about":[{"href":"https:\/\/secblog.today\/index.php?rest_route=\/wp\/v2\/types\/post"}],"author":[{"embeddable":true,"href":"https:\/\/secblog.today\/index.php?rest_route=\/wp\/v2\/users\/1"}],"replies":[{"embeddable":true,"href":"https:\/\/secblog.today\/index.php?rest_route=%2Fwp%2Fv2%2Fcomments&post=366"}],"version-history":[{"count":2,"href":"https:\/\/secblog.today\/index.php?rest_route=\/wp\/v2\/posts\/366\/revisions"}],"predecessor-version":[{"id":370,"href":"https:\/\/secblog.today\/index.php?rest_route=\/wp\/v2\/posts\/366\/revisions\/370"}],"wp:featuredmedia":[{"embeddable":true,"href":"https:\/\/secblog.today\/index.php?rest_route=\/wp\/v2\/media\/368"}],"wp:attachment":[{"href":"https:\/\/secblog.today\/index.php?rest_route=%2Fwp%2Fv2%2Fmedia&parent=366"}],"wp:term":[{"taxonomy":"category","embeddable":true,"href":"https:\/\/secblog.today\/index.php?rest_route=%2Fwp%2Fv2%2Fcategories&post=366"},{"taxonomy":"post_tag","embeddable":true,"href":"https:\/\/secblog.today\/index.php?rest_route=%2Fwp%2Fv2%2Ftags&post=366"}],"curies":[{"name":"wp","href":"https:\/\/api.w.org\/{rel}","templated":true}]}}